{"id":238,"date":"2023-05-09T11:27:11","date_gmt":"2023-05-09T09:27:11","guid":{"rendered":"https:\/\/www.kylmontoren.nu\/?p=238"},"modified":"2023-05-09T11:35:16","modified_gmt":"2023-05-09T09:35:16","slug":"arbetsledare-och-kyltekniker","status":"publish","type":"post","link":"https:\/\/www.kylmontoren.nu\/index.php\/2023\/05\/09\/arbetsledare-och-kyltekniker\/","title":{"rendered":"Vi beh\u00f6ver bli fler och s\u00f6ker en Arbetsledare till Boden samt kyltekniker till Boden och Pite\u00e5."},"content":{"rendered":"<p>Vi expanderar och s\u00f6ker en Arbetsledare till Boden! Har du arbetat n\u00e5gra \u00e5r som kylmont\u00f6r\/kyltekniker och dessutom har bra ledaregenskaper s\u00e5 \u00e4r du kanske den vi s\u00f6ker? Var med p\u00e5 v\u00e5r sp\u00e4nnande resa n\u00e4r vi ut\u00f6kar v\u00e5r verksamhet och startar en filial i Boden. Vi s\u00f6ker \u00e4ven efter fler kyltekniker!<\/p>\n<p><strong>Om Kylmont\u00f6ren<\/strong><br \/>\nKylmont\u00f6ren har en bred verksamhet och spetskunskap inom kyl- och v\u00e4rmeanl\u00e4ggningsomr\u00e5det. Vi \u00e4r verksamma inom Norr- och V\u00e4sterbotten och bedriver till st\u00f6rsta delen kylentreprenad samt service och underh\u00e5ll av kylaggregat, v\u00e4rmepumpar och mobila kylanl\u00e4ggningar (fordon). Kylmont\u00f6ren ing\u00e5r i F\u00f6retagsgruppen tillsammans med Elteknik i Pite\u00e5 AB och Pite\u00e5 Svets &#038; Maskin. Bolagen \u00e4r sina egna bolag, men vi samverkar mer \u00e4n g\u00e4rna med varandra. Nu ut\u00f6kar vi verksamheten genom att \u00f6ppna en filial f\u00f6r Kylmont\u00f6ren i Boden.<br \/>\nH\u00e4r kan du l\u00e4sa mer om oss!<\/p>\n<p><strong>Arbetsledare<\/strong><\/p>\n<p><strong>Om tj\u00e4nsten<\/strong><br \/>\nVi s\u00f6ker en Arbetsledare som vill bidra till en god arbetsmilj\u00f6 i en grupp med engagerade medarbetare. Du som s\u00f6ker tj\u00e4nsten gillar ett ansvarsfullt och varierande arbete med m\u00e5nga uppdrag\/projekt som l\u00f6per parallellt<\/p>\n<p>B-k\u00f6rkort kr\u00e4vs f\u00f6r tj\u00e4nsten.<\/p>\n<p><strong>Om dig<\/strong><br \/>\nDu har en utbildning inom VVS och kompetens och erfarenhet inom kylteknik. Du har goda ledaregenskaper och det faller sig naturligt f\u00f6r dig att leda i det dagliga arbetet. Viktiga egenskaper f\u00f6r rollen \u00e4r att du \u00e4r social, engagerad och bra p\u00e5 att samarbeta. Vidare \u00e4r du strukturerad, drivande och har god f\u00f6rm\u00e5ga att planera och kommunicera.<\/p>\n<p><strong>Kyltekniker<\/strong><\/p>\n<p>Om tj\u00e4nsten och vad vi letar efter<br \/>\nVi s\u00f6ker dig som \u00e4r kunnig och erfaren kyltekniker\/kylmont\u00f6r till v\u00e5rt g\u00e4ng. Arbetet inneb\u00e4r mycket kundkontakt vilket g\u00f6r att du m\u00e5ste vara en ut\u00e5triktad person, glad och positiv samt ha ett stort ansvarstagande. I dina arbetsuppgifter ing\u00e5r nymontage, service, ig\u00e5ngk\u00f6rningar, ombyggnader och underh\u00e5ll av alla typer av kyl &#038; frysanl\u00e4ggningar, v\u00e4rmepumpar och klimatanl\u00e4ggningar.<\/p>\n<p>Vidare b\u00f6r du ha en utpr\u00e4glad k\u00e4nsla f\u00f6r kundservice samt vara kvalitetsmedveten.<\/p>\n<p>Tj\u00e4nsten \u00e4r placerad i Pite\u00e5\/Boden.<\/p>\n<p>B-k\u00f6rkort kr\u00e4vs f\u00f6r tj\u00e4nsten.<\/p>\n<p>Vad vi kan erbjuda dig<br \/>\nVi erbjuder dig ett roligt och utvecklande arbete d\u00e4r du f\u00e5r jobba tillsammans med h\u00e4rliga kollegor, d\u00e4r beslutsv\u00e4garna \u00e4r korta. Vi v\u00e4rdes\u00e4tter en bra arbetsmilj\u00f6 som \u00e4r b\u00e5de \u00f6ppen och inspirerande. Du erbjuds stora m\u00f6jligheter att sj\u00e4lv p\u00e5verka ditt arbete d\u00e5 du f\u00e5r b\u00e5de ansvar och frihet att arbeta sj\u00e4lvst\u00e4ndigt.<\/p>\n<p>Start: Enligt \u00f6verenskommelse<br \/>\nOmfattning: Heltid<br \/>\nL\u00f6n: Enligt \u00f6verenskommelse<br \/>\nAnst\u00e4llningsform: Tillsvidareanst\u00e4llning<br \/>\nPlacering Arbetsledare: Boden<\/p>\n<p>Om du har fr\u00e5gor om tj\u00e4nsten kan du ringa Olof Augustsson, 070-670 80 77 eller skicka ett mail till olof.augustsson@kylmontoren.nu<\/p>\n<p><strong>Ans\u00f6kan<\/strong><br \/>\nMaila ditt CV och personliga brev till Olof Augustsson: olof.augustsson@kylmontoren.nu<br \/>\nM\u00e4rk ans\u00f6kan med den tj\u00e4nst du s\u00f6ker: Ans\u00f6kan Arbetsledare eller Ans\u00f6kan Kyltekniker.<\/p>\n<p>Sista ans\u00f6kningsdag \u00e4r 2023-08-31, men urval och intervjuer sker l\u00f6pande och hittar vi r\u00e4tt personer sker tills\u00e4ttning innan sista ans\u00f6kningsdag \u2013 s\u00e5 tveka inte f\u00f6r l\u00e4nge med att skicka in din ans\u00f6kan!<\/p>\n<p>V\u00e4lkommen med din ans\u00f6kan! <\/p>\n<p><a href=\"https:\/\/pt.se\/jobb\/boden\/artikel\/arbetsledare-och-kyltekniker-\/rmkew86l\"> S\u00f6k jobbet>> <\/a><\/p>\n","protected":false},"excerpt":{"rendered":"<p>Vi expanderar och s\u00f6ker en Arbetsledare till Boden! Har du arbetat n\u00e5gra \u00e5r som kylmont\u00f6r\/kyltekniker och dessutom har bra ledaregenskaper s\u00e5 \u00e4r du kanske den vi s\u00f6ker? Var med p\u00e5 v\u00e5r sp\u00e4nnande resa n\u00e4r vi ut\u00f6kar v\u00e5r verksamhet och startar en filial i Boden. Vi s\u00f6ker \u00e4ven efter fler kyltekniker! Om Kylmont\u00f6ren Kylmont\u00f6ren har en [&hellip;]<\/p>\n","protected":false},"author":5,"featured_media":239,"comment_status":"closed","ping_status":"closed","sticky":false,"template":"","format":"standard","meta":{"_et_pb_use_builder":"","_et_pb_old_content":"","_et_gb_content_width":"","footnotes":""},"categories":[5],"tags":[],"class_list":["post-238","post","type-post","status-publish","format-standard","has-post-thumbnail","hentry","category-jobb"],"_links":{"self":[{"href":"https:\/\/www.kylmontoren.nu\/index.php\/wp-json\/wp\/v2\/posts\/238","targetHints":{"allow":["GET"]}}],"collection":[{"href":"https:\/\/www.kylmontoren.nu\/index.php\/wp-json\/wp\/v2\/posts"}],"about":[{"href":"https:\/\/www.kylmontoren.nu\/index.php\/wp-json\/wp\/v2\/types\/post"}],"author":[{"embeddable":true,"href":"https:\/\/www.kylmontoren.nu\/index.php\/wp-json\/wp\/v2\/users\/5"}],"replies":[{"embeddable":true,"href":"https:\/\/www.kylmontoren.nu\/index.php\/wp-json\/wp\/v2\/comments?post=238"}],"version-history":[{"count":7,"href":"https:\/\/www.kylmontoren.nu\/index.php\/wp-json\/wp\/v2\/posts\/238\/revisions"}],"predecessor-version":[{"id":246,"href":"https:\/\/www.kylmontoren.nu\/index.php\/wp-json\/wp\/v2\/posts\/238\/revisions\/246"}],"wp:featuredmedia":[{"embeddable":true,"href":"https:\/\/www.kylmontoren.nu\/index.php\/wp-json\/wp\/v2\/media\/239"}],"wp:attachment":[{"href":"https:\/\/www.kylmontoren.nu\/index.php\/wp-json\/wp\/v2\/media?parent=238"}],"wp:term":[{"taxonomy":"category","embeddable":true,"href":"https:\/\/www.kylmontoren.nu\/index.php\/wp-json\/wp\/v2\/categories?post=238"},{"taxonomy":"post_tag","embeddable":true,"href":"https:\/\/www.kylmontoren.nu\/index.php\/wp-json\/wp\/v2\/tags?post=238"}],"curies":[{"name":"wp","href":"https:\/\/api.w.org\/{rel}","templated":true}]}}